{"id":1410,"date":"2015-09-03T16:26:23","date_gmt":"2015-09-03T16:26:23","guid":{"rendered":"http:\/\/helipoland.com\/?p=1410"},"modified":"2016-05-22T10:50:28","modified_gmt":"2016-05-22T10:50:28","slug":"wycieczka-helikopterem-na-skrzyczne-z-rafalem-sonikiem","status":"publish","type":"post","link":"https:\/\/helipoland.com\/en\/blog\/2015\/09\/03\/wycieczka-helikopterem-na-skrzyczne-z-rafalem-sonikiem\/","title":{"rendered":"Helicopter trip to Skrzyczne with Rafal Sonik"},"content":{"rendered":"<p style=\"text-align: justify;\"><span style=\"color: #000000;\">Skrzyczne mountain helicopter tour with Rafal Sonik was a learning experience.. Because we were told that the conquering mountains with the help of a helicopter is a breeze compared to hike.. So we decided to check it out. And we must admit that the one who said that was right;)<\/span><\/p>\n<div id=\"metaslider-id-886\" style=\"max-width: 800px;\" class=\"ml-slider-3-97-0 metaslider metaslider-flex metaslider-886 ml-slider ms-theme-default nav-hidden nav-hidden\" role=\"region\" aria-roledescription=\"Slideshow\" aria-label=\"Post 3\" data-width=\"800\">\n    <div id=\"metaslider_container_886\">\n        <div id=\"metaslider_886\">\n            <ul class='slides'>\n                <li style=\"display: block; width: 100%;\" class=\"slide-883 ms-image \" aria-roledescription=\"slide\" aria-label=\"slide-883\" data-date=\"2015-09-16 16:23:32\"><img loading=\"lazy\" decoding=\"async\" src=\"https:\/\/helipoland.com\/wp-content\/uploads\/2015\/09\/Mateusz_Szelc__1210855-min-800x500.jpg\" height=\"500\" width=\"800\" alt=\"Wycieczka helikopterem na Skrzyczne z Rafa\u0142em Sonikiem\" class=\"slider-886 slide-883\" \/><\/li>\n                <li style=\"display: none; width: 100%;\" class=\"slide-884 ms-image \" aria-roledescription=\"slide\" aria-label=\"slide-884\" data-date=\"2015-09-16 16:23:41\"><img loading=\"lazy\" decoding=\"async\" src=\"https:\/\/helipoland.com\/wp-content\/uploads\/2015\/09\/Mateusz_Szelc__MG_3784-min-800x500.jpg\" height=\"500\" width=\"800\" alt=\"Wycieczka helikopterem na Skrzyczne z Rafa\u0142em Sonikiem\" class=\"slider-886 slide-884\" \/><\/li>\n                <li style=\"display: none; width: 100%;\" class=\"slide-1412 ms-image \" aria-roledescription=\"slide\" aria-label=\"slide-1412\" data-date=\"2015-10-03 13:38:32\"><img loading=\"lazy\" decoding=\"async\" src=\"https:\/\/helipoland.com\/wp-content\/uploads\/2015\/10\/Mateusz_Szelc__MG_3811-min-800x500.jpg\" height=\"500\" width=\"800\" alt=\"Wycieczka helikopterem na Skrzyczne z Rafa\u0142em Sonikiem\" class=\"slider-886 slide-1412\" \/><\/li>\n                <li style=\"display: none; width: 100%;\" class=\"slide-1414 ms-image \" aria-roledescription=\"slide\" aria-label=\"slide-1414\" data-date=\"2015-10-03 13:38:44\"><img loading=\"lazy\" decoding=\"async\" src=\"https:\/\/helipoland.com\/wp-content\/uploads\/2015\/10\/Mateusz_Szelc__MG_3957-min-800x500.jpg\" height=\"500\" width=\"800\" alt=\"Szkolenia pilot\u00f3w \u015bmig\u0142owce helikoptery\" class=\"slider-886 slide-1414\" \/><\/li>\n            <\/ul>\n        <\/div>\n        \n    <\/div>\n<\/div>","protected":false},"excerpt":{"rendered":"<p>Skrzyczne mountain helicopter tour with Rafal Sonik was a learning experience.. Because we were told that the conquering mountains with the help of a helicopter is a breeze compared to hike.. So we decided to check it out.<\/p>\n","protected":false},"author":1,"featured_media":883,"comment_status":"closed","ping_status":"closed","sticky":false,"template":"","format":"standard","meta":{"_acf_changed":false,"footnotes":""},"categories":[1],"tags":[],"class_list":["post-1410","post","type-post","status-publish","format-standard","has-post-thumbnail","hentry","category-uncategorized"],"acf":[],"yoast_head":"<!-- This site is optimized with the Yoast SEO plugin v24.8.1 - https:\/\/yoast.com\/wordpress\/plugins\/seo\/ -->\n<title>Wycieczka helikopterem na Skrzyczne z Rafa\u0142em Sonikiem<\/title>\n<meta name=\"description\" content=\"Wycieczka helikopterem na Skrzyczne z Rafa\u0142em Sonikiem\" \/>\n<meta name=\"robots\" content=\"index, follow, max-snippet:-1, max-image-preview:large, max-video-preview:-1\" \/>\n<link rel=\"canonical\" href=\"https:\/\/helipoland.com\/blog\/2015\/09\/03\/wycieczka-helikopterem-na-skrzyczne-z-rafalem-sonikiem\/\" \/>\n<meta property=\"og:locale\" content=\"en_US\" \/>\n<meta property=\"og:type\" content=\"article\" \/>\n<meta property=\"og:title\" content=\"Wycieczka helikopterem na Skrzyczne z Rafa\u0142em Sonikiem\" \/>\n<meta property=\"og:description\" content=\"Wycieczka helikopterem na Skrzyczne z Rafa\u0142em Sonikiem\" \/>\n<meta property=\"og:url\" content=\"https:\/\/helipoland.com\/blog\/2015\/09\/03\/wycieczka-helikopterem-na-skrzyczne-z-rafalem-sonikiem\/\" \/>\n<meta property=\"og:site_name\" content=\"Helipoland.com\" \/>\n<meta property=\"article:published_time\" content=\"2015-09-03T16:26:23+00:00\" \/>\n<meta property=\"article:modified_time\" content=\"2016-05-22T10:50:28+00:00\" \/>\n<meta property=\"og:image\" content=\"https:\/\/helipoland.com\/wp-content\/uploads\/2015\/09\/Mateusz_Szelc__1210855-min.jpg\" \/>\n\t<meta property=\"og:image:width\" content=\"1920\" \/>\n\t<meta property=\"og:image:height\" content=\"1280\" \/>\n\t<meta property=\"og:image:type\" content=\"image\/jpeg\" \/>\n<meta name=\"author\" content=\"HeliPoland.com\" \/>\n<meta name=\"twitter:label1\" content=\"Written by\" \/>\n\t<meta name=\"twitter:data1\" content=\"HeliPoland.com\" \/>\n\t<meta name=\"twitter:label2\" content=\"Est. reading time\" \/>\n\t<meta name=\"twitter:data2\" content=\"1 minute\" \/>\n<script type=\"application\/ld+json\" class=\"yoast-schema-graph\">{\"@context\":\"https:\/\/schema.org\",\"@graph\":[{\"@type\":\"WebPage\",\"@id\":\"https:\/\/helipoland.com\/blog\/2015\/09\/03\/wycieczka-helikopterem-na-skrzyczne-z-rafalem-sonikiem\/\",\"url\":\"https:\/\/helipoland.com\/blog\/2015\/09\/03\/wycieczka-helikopterem-na-skrzyczne-z-rafalem-sonikiem\/\",\"name\":\"Wycieczka helikopterem na Skrzyczne z Rafa\u0142em Sonikiem\",\"isPartOf\":{\"@id\":\"https:\/\/helipoland.com\/pl\/#website\"},\"primaryImageOfPage\":{\"@id\":\"https:\/\/helipoland.com\/blog\/2015\/09\/03\/wycieczka-helikopterem-na-skrzyczne-z-rafalem-sonikiem\/#primaryimage\"},\"image\":{\"@id\":\"https:\/\/helipoland.com\/blog\/2015\/09\/03\/wycieczka-helikopterem-na-skrzyczne-z-rafalem-sonikiem\/#primaryimage\"},\"thumbnailUrl\":\"https:\/\/helipoland.com\/wp-content\/uploads\/2015\/09\/Mateusz_Szelc__1210855-min.jpg\",\"datePublished\":\"2015-09-03T16:26:23+00:00\",\"dateModified\":\"2016-05-22T10:50:28+00:00\",\"author\":{\"@id\":\"https:\/\/helipoland.com\/pl\/#\/schema\/person\/ea39b4ffc60ee4e4c0b1b0803a7b37d5\"},\"description\":\"Wycieczka helikopterem na Skrzyczne z Rafa\u0142em Sonikiem\",\"breadcrumb\":{\"@id\":\"https:\/\/helipoland.com\/blog\/2015\/09\/03\/wycieczka-helikopterem-na-skrzyczne-z-rafalem-sonikiem\/#breadcrumb\"},\"inLanguage\":\"en-US\",\"potentialAction\":[{\"@type\":\"ReadAction\",\"target\":[\"https:\/\/helipoland.com\/blog\/2015\/09\/03\/wycieczka-helikopterem-na-skrzyczne-z-rafalem-sonikiem\/\"]}]},{\"@type\":\"ImageObject\",\"inLanguage\":\"en-US\",\"@id\":\"https:\/\/helipoland.com\/blog\/2015\/09\/03\/wycieczka-helikopterem-na-skrzyczne-z-rafalem-sonikiem\/#primaryimage\",\"url\":\"https:\/\/helipoland.com\/wp-content\/uploads\/2015\/09\/Mateusz_Szelc__1210855-min.jpg\",\"contentUrl\":\"https:\/\/helipoland.com\/wp-content\/uploads\/2015\/09\/Mateusz_Szelc__1210855-min.jpg\",\"width\":1920,\"height\":1280,\"caption\":\"Wycieczka helikopterem na Skrzyczne z Rafa\u0142em Sonikiem\"},{\"@type\":\"BreadcrumbList\",\"@id\":\"https:\/\/helipoland.com\/blog\/2015\/09\/03\/wycieczka-helikopterem-na-skrzyczne-z-rafalem-sonikiem\/#breadcrumb\",\"itemListElement\":[{\"@type\":\"ListItem\",\"position\":1,\"name\":\"Helipoland.com\",\"item\":\"https:\/\/helipoland.com\/pl\/\"},{\"@type\":\"ListItem\",\"position\":2,\"name\":\"Wycieczka helikopterem na Skrzyczne z Rafa\u0142em Sonikiem\"}]},{\"@type\":\"WebSite\",\"@id\":\"https:\/\/helipoland.com\/pl\/#website\",\"url\":\"https:\/\/helipoland.com\/pl\/\",\"name\":\"Helipoland.com\",\"description\":\"Helicopter flights, flying school, air services, helicopters\",\"potentialAction\":[{\"@type\":\"SearchAction\",\"target\":{\"@type\":\"EntryPoint\",\"urlTemplate\":\"https:\/\/helipoland.com\/pl\/?s={search_term_string}\"},\"query-input\":{\"@type\":\"PropertyValueSpecification\",\"valueRequired\":true,\"valueName\":\"search_term_string\"}}],\"inLanguage\":\"en-US\"},{\"@type\":\"Person\",\"@id\":\"https:\/\/helipoland.com\/pl\/#\/schema\/person\/ea39b4ffc60ee4e4c0b1b0803a7b37d5\",\"name\":\"HeliPoland.com\",\"url\":\"https:\/\/helipoland.com\/en\/blog\/author\/bartekkieblesz\/\"}]}<\/script>\n<!-- \/ Yoast SEO plugin. -->","yoast_head_json":{"title":"Wycieczka helikopterem na Skrzyczne z Rafa\u0142em Sonikiem","description":"Wycieczka helikopterem na Skrzyczne z Rafa\u0142em Sonikiem","robots":{"index":"index","follow":"follow","max-snippet":"max-snippet:-1","max-image-preview":"max-image-preview:large","max-video-preview":"max-video-preview:-1"},"canonical":"https:\/\/helipoland.com\/blog\/2015\/09\/03\/wycieczka-helikopterem-na-skrzyczne-z-rafalem-sonikiem\/","og_locale":"en_US","og_type":"article","og_title":"Wycieczka helikopterem na Skrzyczne z Rafa\u0142em Sonikiem","og_description":"Wycieczka helikopterem na Skrzyczne z Rafa\u0142em Sonikiem","og_url":"https:\/\/helipoland.com\/blog\/2015\/09\/03\/wycieczka-helikopterem-na-skrzyczne-z-rafalem-sonikiem\/","og_site_name":"Helipoland.com","article_published_time":"2015-09-03T16:26:23+00:00","article_modified_time":"2016-05-22T10:50:28+00:00","og_image":[{"width":1920,"height":1280,"url":"https:\/\/helipoland.com\/wp-content\/uploads\/2015\/09\/Mateusz_Szelc__1210855-min.jpg","type":"image\/jpeg"}],"author":"HeliPoland.com","twitter_misc":{"Written by":"HeliPoland.com","Est. reading time":"1 minute"},"schema":{"@context":"https:\/\/schema.org","@graph":[{"@type":"WebPage","@id":"https:\/\/helipoland.com\/blog\/2015\/09\/03\/wycieczka-helikopterem-na-skrzyczne-z-rafalem-sonikiem\/","url":"https:\/\/helipoland.com\/blog\/2015\/09\/03\/wycieczka-helikopterem-na-skrzyczne-z-rafalem-sonikiem\/","name":"Wycieczka helikopterem na Skrzyczne z Rafa\u0142em Sonikiem","isPartOf":{"@id":"https:\/\/helipoland.com\/pl\/#website"},"primaryImageOfPage":{"@id":"https:\/\/helipoland.com\/blog\/2015\/09\/03\/wycieczka-helikopterem-na-skrzyczne-z-rafalem-sonikiem\/#primaryimage"},"image":{"@id":"https:\/\/helipoland.com\/blog\/2015\/09\/03\/wycieczka-helikopterem-na-skrzyczne-z-rafalem-sonikiem\/#primaryimage"},"thumbnailUrl":"https:\/\/helipoland.com\/wp-content\/uploads\/2015\/09\/Mateusz_Szelc__1210855-min.jpg","datePublished":"2015-09-03T16:26:23+00:00","dateModified":"2016-05-22T10:50:28+00:00","author":{"@id":"https:\/\/helipoland.com\/pl\/#\/schema\/person\/ea39b4ffc60ee4e4c0b1b0803a7b37d5"},"description":"Wycieczka helikopterem na Skrzyczne z Rafa\u0142em Sonikiem","breadcrumb":{"@id":"https:\/\/helipoland.com\/blog\/2015\/09\/03\/wycieczka-helikopterem-na-skrzyczne-z-rafalem-sonikiem\/#breadcrumb"},"inLanguage":"en-US","potentialAction":[{"@type":"ReadAction","target":["https:\/\/helipoland.com\/blog\/2015\/09\/03\/wycieczka-helikopterem-na-skrzyczne-z-rafalem-sonikiem\/"]}]},{"@type":"ImageObject","inLanguage":"en-US","@id":"https:\/\/helipoland.com\/blog\/2015\/09\/03\/wycieczka-helikopterem-na-skrzyczne-z-rafalem-sonikiem\/#primaryimage","url":"https:\/\/helipoland.com\/wp-content\/uploads\/2015\/09\/Mateusz_Szelc__1210855-min.jpg","contentUrl":"https:\/\/helipoland.com\/wp-content\/uploads\/2015\/09\/Mateusz_Szelc__1210855-min.jpg","width":1920,"height":1280,"caption":"Wycieczka helikopterem na Skrzyczne z Rafa\u0142em Sonikiem"},{"@type":"BreadcrumbList","@id":"https:\/\/helipoland.com\/blog\/2015\/09\/03\/wycieczka-helikopterem-na-skrzyczne-z-rafalem-sonikiem\/#breadcrumb","itemListElement":[{"@type":"ListItem","position":1,"name":"Helipoland.com","item":"https:\/\/helipoland.com\/pl\/"},{"@type":"ListItem","position":2,"name":"Wycieczka helikopterem na Skrzyczne z Rafa\u0142em Sonikiem"}]},{"@type":"WebSite","@id":"https:\/\/helipoland.com\/pl\/#website","url":"https:\/\/helipoland.com\/pl\/","name":"Helipoland.com","description":"Helicopter flights, flying school, air services, helicopters","potentialAction":[{"@type":"SearchAction","target":{"@type":"EntryPoint","urlTemplate":"https:\/\/helipoland.com\/pl\/?s={search_term_string}"},"query-input":{"@type":"PropertyValueSpecification","valueRequired":true,"valueName":"search_term_string"}}],"inLanguage":"en-US"},{"@type":"Person","@id":"https:\/\/helipoland.com\/pl\/#\/schema\/person\/ea39b4ffc60ee4e4c0b1b0803a7b37d5","name":"HeliPoland.com","url":"https:\/\/helipoland.com\/en\/blog\/author\/bartekkieblesz\/"}]}},"_links":{"self":[{"href":"https:\/\/helipoland.com\/en\/wp-json\/wp\/v2\/posts\/1410","targetHints":{"allow":["GET"]}}],"collection":[{"href":"https:\/\/helipoland.com\/en\/wp-json\/wp\/v2\/posts"}],"about":[{"href":"https:\/\/helipoland.com\/en\/wp-json\/wp\/v2\/types\/post"}],"author":[{"embeddable":true,"href":"https:\/\/helipoland.com\/en\/wp-json\/wp\/v2\/users\/1"}],"replies":[{"embeddable":true,"href":"https:\/\/helipoland.com\/en\/wp-json\/wp\/v2\/comments?post=1410"}],"version-history":[{"count":6,"href":"https:\/\/helipoland.com\/en\/wp-json\/wp\/v2\/posts\/1410\/revisions"}],"predecessor-version":[{"id":2657,"href":"https:\/\/helipoland.com\/en\/wp-json\/wp\/v2\/posts\/1410\/revisions\/2657"}],"wp:featuredmedia":[{"embeddable":true,"href":"https:\/\/helipoland.com\/en\/wp-json\/wp\/v2\/media\/883"}],"wp:attachment":[{"href":"https:\/\/helipoland.com\/en\/wp-json\/wp\/v2\/media?parent=1410"}],"wp:term":[{"taxonomy":"category","embeddable":true,"href":"https:\/\/helipoland.com\/en\/wp-json\/wp\/v2\/categories?post=1410"},{"taxonomy":"post_tag","embeddable":true,"href":"https:\/\/helipoland.com\/en\/wp-json\/wp\/v2\/tags?post=1410"}],"curies":[{"name":"wp","href":"https:\/\/api.w.org\/{rel}","templated":true}]}}